{"id":5924,"date":"2019-06-11T12:15:13","date_gmt":"2019-06-11T16:15:13","guid":{"rendered":"https:\/\/horizon-furniture.com\/fr\/?p=5924"},"modified":"2019-06-11T12:15:42","modified_gmt":"2019-06-11T16:15:42","slug":"avis-de-rappel","status":"publish","type":"post","link":"https:\/\/horizon-furniture.com\/fr\/avis-de-rappel\/","title":{"rendered":"AVIS DE RAPPEL"},"content":{"rendered":"<p class=\"Answers\"><span style=\"font-size: 11.0pt; font-family: 'Arial',sans-serif; color: windowtext;\">Avis et rappel de produit<\/span><\/p>\n<p class=\"Answers\"><span style=\"font-size: 11.0pt; font-family: 'Arial',sans-serif;\">Il y a un rappel volontaire par notre fournisseur sur nos postes de travail assis\/debout (SSW02, SSW42 et SSW42C). Cela concerne le produit vendu et distribu\u00e9 entre le 1er octobre 2016 et le 15 f\u00e9vrier 2019. Si vous avez achet\u00e9 un de ces produits chez nous, <\/span><a href=\"https:\/\/horizon-furniture.com\/wp-content\/uploads\/2019\/06\/Volante-recall-notice_Fre.pdf\"><span style=\"font-size: 11.0pt; font-family: 'Arial',sans-serif; color: #c00000;\">cliquez ici.<\/span><\/a><\/p>\n","protected":false},"excerpt":{"rendered":"<p>Avis et rappel de produit Il y a un rappel volontaire par notre fournisseur sur nos postes de travail assis\/debout (SSW02, SSW42 et SSW42C). Cela concerne le produit vendu et distribu\u00e9 entre le 1er octobre 2016 et le 15 f\u00e9vrier &hellip; <a href=\"https:\/\/horizon-furniture.com\/fr\/avis-de-rappel\/\">Continuer la lecture <span class=\"meta-nav\">&rarr;<\/span><\/a><\/p>\n","protected":false},"author":99,"featured_media":0,"comment_status":"closed","ping_status":"closed","sticky":false,"template":"","format":"standard","meta":{"footnotes":""},"categories":[12],"tags":[],"class_list":["post-5924","post","type-post","status-publish","format-standard","hentry","category-nouvelles"],"_links":{"self":[{"href":"https:\/\/horizon-furniture.com\/fr\/wp-json\/wp\/v2\/posts\/5924","targetHints":{"allow":["GET"]}}],"collection":[{"href":"https:\/\/horizon-furniture.com\/fr\/wp-json\/wp\/v2\/posts"}],"about":[{"href":"https:\/\/horizon-furniture.com\/fr\/wp-json\/wp\/v2\/types\/post"}],"author":[{"embeddable":true,"href":"https:\/\/horizon-furniture.com\/fr\/wp-json\/wp\/v2\/users\/99"}],"replies":[{"embeddable":true,"href":"https:\/\/horizon-furniture.com\/fr\/wp-json\/wp\/v2\/comments?post=5924"}],"version-history":[{"count":1,"href":"https:\/\/horizon-furniture.com\/fr\/wp-json\/wp\/v2\/posts\/5924\/revisions"}],"predecessor-version":[{"id":5925,"href":"https:\/\/horizon-furniture.com\/fr\/wp-json\/wp\/v2\/posts\/5924\/revisions\/5925"}],"wp:attachment":[{"href":"https:\/\/horizon-furniture.com\/fr\/wp-json\/wp\/v2\/media?parent=5924"}],"wp:term":[{"taxonomy":"category","embeddable":true,"href":"https:\/\/horizon-furniture.com\/fr\/wp-json\/wp\/v2\/categories?post=5924"},{"taxonomy":"post_tag","embeddable":true,"href":"https:\/\/horizon-furniture.com\/fr\/wp-json\/wp\/v2\/tags?post=5924"}],"curies":[{"name":"wp","href":"https:\/\/api.w.org\/{rel}","templated":true}]}}